[{"@context":"https:\/\/schema.org\/","@type":"Article","@id":"https:\/\/www.darmat.cz\/seda-eminence-v-pozadi\/#Article","mainEntityOfPage":"https:\/\/www.darmat.cz\/seda-eminence-v-pozadi\/","headline":"\u0160ed\u00e1 eminence v pozad\u00ed","name":"\u0160ed\u00e1 eminence v pozad\u00ed","description":"Mnoho z v\u00e1s s t\u00edm m\u00e1 mo\u017en\u00e1 zku\u0161enost. A\u0165 ji\u017e pat\u0159\u00edte k b\u011b\u017en\u00fdm \u201emal\u00fdm\u201c zam\u011bstnanc\u016fm, k managementu nebo k externist\u016fm, [&hellip;]","datePublished":"2023-06-06","dateModified":"2023-06-06","author":{"@type":"Person","@id":"https:\/\/www.darmat.cz\/author\/#Person","name":"","url":"https:\/\/www.darmat.cz\/author\/","identifier":1,"image":{"@type":"ImageObject","@id":"https:\/\/secure.gravatar.com\/avatar\/163f6c65c8acab43fa062eaf19866aeb6d6c2adc4d5c2462700a89e6feec77a0?s=96&d=mm&r=g","url":"https:\/\/secure.gravatar.com\/avatar\/163f6c65c8acab43fa062eaf19866aeb6d6c2adc4d5c2462700a89e6feec77a0?s=96&d=mm&r=g","height":96,"width":96}},"publisher":{"@type":"Organization","name":"darmat.cz","logo":{"@type":"ImageObject","@id":"\/logo.png","url":"\/logo.png","width":600,"height":60}},"image":{"@type":"ImageObject","@id":"https:\/\/www.darmat.cz\/wp-content\/uploads\/img_a309360_w2361_t1520283041.png","url":"https:\/\/www.darmat.cz\/wp-content\/uploads\/img_a309360_w2361_t1520283041.png","height":0,"width":0},"url":"https:\/\/www.darmat.cz\/seda-eminence-v-pozadi\/","wordCount":425,"articleBody":"Mnoho z v\u00e1s s t\u00edm m\u00e1 mo\u017en\u00e1 zku\u0161enost. A\u0165 ji\u017e pat\u0159\u00edte k b\u011b\u017en\u00fdm \u201emal\u00fdm\u201c zam\u011bstnanc\u016fm, k managementu nebo k externist\u016fm, kte\u0159\u00ed maj\u00ed s firmou co do \u010din\u011bn\u00ed. P\u0159\u00edpadn\u011b jste dodavatel\u00e9 nebo z\u00e1kazn\u00edci. \u010casto se ve v\u011bt\u0161\u00edch i men\u0161\u00edch firm\u00e1ch vyskytuje osoba, kter\u00e1 m\u00e1 v kolonce \u201epracovn\u00ed pozice\u201c uvedeno \u201eporadce\u201c. Ob\u010das to b\u00fdv\u00e1 je\u0161t\u011b i \u00fa\u017ee specifikov\u00e1no.  Poradce pro komunikaci s ve\u0159ejnost\u00ed, pro dopravu, pro v\u00fdrobu, pro komunikaci se z\u00e1kazn\u00edky a jin\u00e9. A \u010dasto si mnoho dal\u0161\u00edch lid\u00ed, kte\u0159\u00ed jsou v t\u00e9\u017ee firm\u011b zam\u011bstnan\u00ed, l\u00e1me hlavu, k \u010demu \u017ee je tento poradce dobr\u00fd. Objevuje se jen ob\u010das, bere velk\u00e9 pen\u00edze (obvykle ov\u0161em nezve\u0159ejn\u011bnou \u010d\u00e1stku) a promlouv\u00e1 tak\u00e9 m\u00e1lokdy. Kdy\u017e u\u017e se tak stane, mnoz\u00ed ot\u00e1\u010dej\u00ed o\u010di vzh\u016fru. Tak\u00e9 se \u010dasto jedn\u00e1 o n\u011bjakou osobu bl\u00edzkou n\u011bkomu z majitel\u016f nebo veden\u00ed. M\u016f\u017ee j\u00edt o kamar\u00e1da z ml\u00e1d\u00ed nebo rodinn\u00e9ho p\u0159\u00edslu\u0161n\u00edka, p\u0159\u00edpadn\u011b o n\u011bjak\u00e9ho b\u00fdval\u00e9ho funkcion\u00e1\u0159e, pro kter\u00e9ho se nena\u0161lo jin\u00e9 m\u00edsto. Vymysl\u00ed toho m\u00e1lo nebo naopak hodn\u011b, ale ne v\u017edy to b\u00fdvaj\u00ed zrovna plodn\u00e9 v\u011bci, kter\u00e9 by firmu posouvaly n\u011bkam d\u00e1l nebo zleh\u010dovaly ostatn\u00edm pr\u00e1ci. Tato osoba jde tak\u00e9 ostatn\u00edm \u010dasto na nervy a neb\u00fdv\u00e1 zrovna obl\u00edben\u00e1. D\u016fvodem m\u016f\u017ee b\u00fdt pr\u00e1v\u011b jejich neschopnost nebo z\u00e1vist ostatn\u00edch. Maj\u00ed toti\u017e jist\u00e9 m\u00edsto a t\u011b\u017eko se jim dokazuje jejich p\u0159\u00ednos firm\u011b. Hlavn\u011b nem\u00e1 veden\u00ed obvykle ani z\u00e1jem na tom, aby byl ten p\u0159\u00ednos n\u011bjak monitorov\u00e1n. Pokud se s doty\u010dn\u00fdm z n\u011bjak\u00e9ho d\u016fvodu nepoh\u00e1daj\u00ed nebo jinak nerozkmot\u0159\u00ed, maj\u00ed pr\u00e1ci zaji\u0161t\u011bnou a to v\u011bt\u0161inou bez v\u011bt\u0161\u00ed n\u00e1mahy. Nepot\u0159ebuj\u00ed na tuto pozici \u017e\u00e1dn\u00e9 speci\u00e1ln\u00ed vzd\u011bl\u00e1n\u00ed a m\u00e1lokdy b\u00fdv\u00e1 n\u011bjak p\u0159esn\u011b specifikov\u00e1na jejich pracovn\u00ed n\u00e1pl\u0148. Jejich vliv ale b\u00fdv\u00e1 nemal\u00fd.  Nem\u016f\u017eeme ov\u0161em h\u00e1zet v\u0161echny do jednoho pytle. Ur\u010dit\u011b existuj\u00ed i poradci, kte\u0159\u00ed maj\u00ed bohat\u00e9 zku\u0161enosti a opravdu dob\u0159e rad\u00ed a jsou to lid\u00e9 na sv\u00e9m m\u00edst\u011b. Zaslou\u017e\u00ed si pak nejen vyd\u011blan\u00e9 pen\u00edze, ale i obdiv a vd\u011bk dal\u0161\u00edch zam\u011bstnanc\u016f.                                                                                                                                                                                                                                                                                                                                                                                        3\/5 - (4 votes)        "},{"@context":"https:\/\/schema.org\/","@type":"BreadcrumbList","itemListElement":[{"@type":"ListItem","position":1,"name":"\u0160ed\u00e1 eminence v pozad\u00ed","item":"https:\/\/www.darmat.cz\/seda-eminence-v-pozadi\/#breadcrumbitem"}]}]